{"id":2828,"date":"2025-10-26T21:27:07","date_gmt":"2025-10-26T21:27:07","guid":{"rendered":"https:\/\/lazarka.de\/?p=2828"},"modified":"2025-10-26T21:29:40","modified_gmt":"2025-10-26T21:29:40","slug":"4-folklorefestival-von-ensemble-bulgari-larnaka","status":"publish","type":"post","link":"https:\/\/lazarka.de\/?p=2828","title":{"rendered":"4. Folklorefestival von Ensemble &#8222;Bulgari&#8220;, Larnaka"},"content":{"rendered":"<p>Am 04.10.2025 hat Ensemble \u201eLazarka\u201c erfolgreich an der vierten Ausgabe des traditionellen Festivals von Ensemble \u201eBulgari\u201c in Larnaka, Zypern teilgenommen! Erf\u00fcllt von vielen Emotionen, inspiriert von Begegnungen mit Freunden sowie mit unseren einzigartigen bulgarischen T\u00e4nzen und Liedern kehren wir von einem unvergesslichen Erlebnis auf der Insel Zypern zur\u00fcck! Wir danken den Organisatoren f\u00fcr die Einladung und den herzlichen Empfang sowie allen Teilnehmern f\u00fcr die Magie, die wir gemeinsam geschaffen haben!<\/p>\n<div class=\"quick-gallery\"><div class=\"qg-img qg-no-title\" data-defwidth=\"383\"><a href=\"https:\/\/lazarka.de\/wp-content\/uploads\/2025\/10\/558392777_1249156920585653_7999411510675900927_n.jpg\" data-rel=\"lightbox[group-28281]\" title=\"\" ><img decoding=\"async\" src=\"https:\/\/lazarka.de\/wp-content\/uploads\/2025\/10\/558392777_1249156920585653_7999411510675900927_n-383x250.jpg\" alt=\"\"\/><div class=\"qg-overlay\"><span class=\"icon-circle\"><span class=\"pg-icon lightbox-icon\"><\/span><\/span><\/div><\/a><\/div><div class=\"qg-img qg-no-title\" data-defwidth=\"383\"><a href=\"https:\/\/lazarka.de\/wp-content\/uploads\/2025\/10\/558942037_1249156750585670_358346065468861053_n.jpg\" data-rel=\"lightbox[group-28281]\" title=\"\" ><img decoding=\"async\" src=\"https:\/\/lazarka.de\/wp-content\/uploads\/2025\/10\/558942037_1249156750585670_358346065468861053_n-383x250.jpg\" alt=\"\"\/><div class=\"qg-overlay\"><span class=\"icon-circle\"><span class=\"pg-icon lightbox-icon\"><\/span><\/span><\/div><\/a><\/div><div class=\"qg-img qg-no-title\" data-defwidth=\"383\"><a href=\"https:\/\/lazarka.de\/wp-content\/uploads\/2025\/10\/558001563_1249156830585662_1787982099930089195_n.jpg\" data-rel=\"lightbox[group-28281]\" title=\"\" ><img decoding=\"async\" src=\"https:\/\/lazarka.de\/wp-content\/uploads\/2025\/10\/558001563_1249156830585662_1787982099930089195_n-383x250.jpg\" alt=\"\"\/><div class=\"qg-overlay\"><span class=\"icon-circle\"><span class=\"pg-icon lightbox-icon\"><\/span><\/span><\/div><\/a><\/div><div class=\"clear\"><\/div><\/div>\n","protected":false},"excerpt":{"rendered":"<p>Am 04.10.2025 hat Ensemble \u201eLazarka\u201c erfolgreich an der vierten Ausgabe des traditionellen Festivals von Ensemble \u201eBulgari\u201c in Larnaka, Zypern teilgenommen! [&hellip;]<\/p>\n","protected":false},"author":1,"featured_media":2827,"comment_status":"closed","ping_status":"open","sticky":false,"template":"","format":"gallery","meta":{"footnotes":""},"categories":[29,30,1],"tags":[],"class_list":["post-2828","post","type-post","status-publish","format-gallery","has-post-thumbnail","hentry","category-events-de","category-hot-de","category-uncategorized","post_format-post-format-gallery"],"_links":{"self":[{"href":"https:\/\/lazarka.de\/index.php?rest_route=\/wp\/v2\/posts\/2828","targetHints":{"allow":["GET"]}}],"collection":[{"href":"https:\/\/lazarka.de\/index.php?rest_route=\/wp\/v2\/posts"}],"about":[{"href":"https:\/\/lazarka.de\/index.php?rest_route=\/wp\/v2\/types\/post"}],"author":[{"embeddable":true,"href":"https:\/\/lazarka.de\/index.php?rest_route=\/wp\/v2\/users\/1"}],"replies":[{"embeddable":true,"href":"https:\/\/lazarka.de\/index.php?rest_route=%2Fwp%2Fv2%2Fcomments&post=2828"}],"version-history":[{"count":3,"href":"https:\/\/lazarka.de\/index.php?rest_route=\/wp\/v2\/posts\/2828\/revisions"}],"predecessor-version":[{"id":2832,"href":"https:\/\/lazarka.de\/index.php?rest_route=\/wp\/v2\/posts\/2828\/revisions\/2832"}],"wp:featuredmedia":[{"embeddable":true,"href":"https:\/\/lazarka.de\/index.php?rest_route=\/wp\/v2\/media\/2827"}],"wp:attachment":[{"href":"https:\/\/lazarka.de\/index.php?rest_route=%2Fwp%2Fv2%2Fmedia&parent=2828"}],"wp:term":[{"taxonomy":"category","embeddable":true,"href":"https:\/\/lazarka.de\/index.php?rest_route=%2Fwp%2Fv2%2Fcategories&post=2828"},{"taxonomy":"post_tag","embeddable":true,"href":"https:\/\/lazarka.de\/index.php?rest_route=%2Fwp%2Fv2%2Ftags&post=2828"}],"curies":[{"name":"wp","href":"https:\/\/api.w.org\/{rel}","templated":true}]}}